{"id":4207,"date":"2023-03-24T10:10:31","date_gmt":"2023-03-24T09:10:31","guid":{"rendered":"https:\/\/www.alro-group.com\/\/?p=4207"},"modified":"2023-03-24T10:10:35","modified_gmt":"2023-03-24T09:10:35","slug":"dvojnasobna-kapacita-vdaka-novej-linke-ktl-v-zavode-asitec","status":"publish","type":"post","link":"https:\/\/www.alro-group.com\/sk\/novinky\/dvojnasobna-kapacita-linke-ktl-2\/","title":{"rendered":"Dvojn\u00e1sobn\u00e1 kapacita v\u010faka novej linke KTL v z\u00e1vode Asitec"},"content":{"rendered":"<p>[vc_row][vc_column][vc_column_text]<strong>Spolo\u010dnos\u0165 Alro sa m\u00f4\u017ee pochv\u00e1li\u0165 viac ne\u017e tridsa\u0165ro\u010dn\u00fdmi<\/strong> <strong>sk\u00fasenos\u0165ami s katafor\u00e9znym lakovan\u00edm (KTL) kovov\u00fdch dielov. Je to jedna z najlep\u0161\u00edch dostupn\u00fdch technol\u00f3gi\u00ed ochrany kovov. Na\u0161a s\u00fa\u010dasn\u00e1 linka KTL je v prev\u00e1dzke od roku 1992, ale za tie roky nastali v automobilovom priemysle v\u00fdrazn\u00e9 zmeny. Dopyt po n\u00e1teroch KTL na kryty bat\u00e9ri\u00ed a \u010dasti bat\u00e9ri\u00ed pre elektrick\u00e9 vozidl\u00e1 neust\u00e1le rastie. Na uspokojenie dopytu potrebujeme \u010fal\u0161ie kapacity \u2013 ve\u013ea \u010fal\u0161\u00edch kapac\u00edt. To bol d\u00f4vod, pre\u010do sme v z\u00e1vode Asitec vybudovali druh\u00fa linku KTL. Nov\u00fa linku sme spustili 27. j\u00fana 2022. Linka zdvojn\u00e1sobila na\u0161u kapacitu a v\u010faka nej teraz m\u00f4\u017eeme pom\u00e1ha\u0165 na\u0161im z\u00e1kazn\u00edkom rie\u0161i\u0165 nov\u00e9 v\u00fdzvy. Inak povedan\u00e9, sme viac ne\u017e pripraven\u00ed na bud\u00facnos\u0165.<\/strong><\/p>\n<p><strong><u>Spolo\u010dnos\u0165 Alro podporuje rast predaja elektrick\u00fdch vozidiel<\/u><\/strong><\/p>\n<p>V posledn\u00fdch rokoch spolo\u010dnos\u0165 Alro spustila dva ve\u013ek\u00e9 projekty v oblasti elektromobility. Zna\u010dky <a href=\"\/sk\/projekty\/audi\/\">Audi<\/a> aj <a href=\"\/sk\/projekty\/volvo\/\">Volvo<\/a> \u010delili v\u00fdzvam v s\u00favislosti so spracovan\u00edm krytov bat\u00e9ri\u00ed svojich elektrick\u00fdch vozidiel. T\u00fato v\u00fdzvu sme vyrie\u0161ili v\u00fdvojom nieko\u013ek\u00fdch vlastn\u00fdch inovat\u00edvnych technol\u00f3gi\u00ed. Elektrick\u00fdm vozidl\u00e1m sa venuje \u010doraz viac hr\u00e1\u010dov v automobilovom priemysle. V\u00fdsledkom je rast\u00faci dopyt po povrchovej \u00faprave \u010dast\u00ed bat\u00e9ri\u00ed. Pri <a href=\"\/sk\/procesy\/ktl\/\">procese KTL (zn\u00e1mom aj ako katafor\u00e9zne lakovanie)<\/a> pou\u017e\u00edvame elektrinu na nan\u00e1\u0161anie organickej farby v 90\u00a0000-litrovom katafor\u00e9znom ponornom k\u00fapeli. Farba je pri\u0165ahovan\u00e1 v\u00fdmenou elektr\u00f3nov a n\u00e1sledne sa prichyt\u00ed k dielu, v\u010faka \u010domu sa vytv\u00e1ra rovnomern\u00fd a antikor\u00f3zny n\u00e1ter.<\/p>\n<p><strong><u>Dvojn\u00e1sobn\u00e1 kapacita vytv\u00e1ra priestor pre \u010fal\u0161ie bud\u00face projekty<\/u><\/strong><\/p>\n<p>\u201eNezanedbate\u013en\u00fd rast na\u0161ich s\u00fa\u010dasn\u00fdch z\u00e1kazn\u00edkov si vy\u017eiadal roz\u0161\u00edrenie v\u00fdrobnej kapacity. Minul\u00fd rok sme sa preto rozhodli vybudova\u0165 druh\u00fa linku KTL v are\u00e1li z\u00e1vodu Asitec,\u201c vysvet\u013euje riadite\u013e predaja a projektov Dirk Broekhoven. Nov\u00e1 linka je v prev\u00e1dzke od 27. j\u00fana a efekt\u00edvne zdvojn\u00e1sobila kapacitu na\u0161ej skupiny. Moment\u00e1lne sa star\u00e1me o organick\u00fd rast na\u0161ich existuj\u00facich z\u00e1kazn\u00edkov, ale st\u00e1le m\u00e1me dostatok priestoru aj pre nov\u00fdch klientov. Nov\u00e1 linka KTL z\u00e1sobuje rast\u00faci dopyt na trhu. \u201eJe o\u010dividn\u00e9, \u017ee v najbli\u017e\u0161\u00edch rokoch budeme potrebova\u0165 vysok\u00fa kapacitu spracovania \u010dast\u00ed bat\u00e9ri\u00ed. S t\u00fdmto v\u00fdvojom sme po\u010d\u00edtali, a preto sme v\u00fdrazne zv\u00fd\u0161ili na\u0161u kapacitu na realiz\u00e1ciu \u010fal\u0161\u00edch projektov v bud\u00facnosti,\u201c dod\u00e1va riadite\u013e pre technick\u00e9 z\u00e1le\u017eitosti Carl Bruynseels.<\/p>\n<p><strong><u>Pridan\u00e1 hodnota novej linky KTL<\/u><\/strong><\/p>\n<p>U\u017e na\u0161a prv\u00e1 linka bola jednou z najv\u00e4\u010d\u0161\u00edch svojho druhu v Eur\u00f3pe, tak\u017ee nov\u00e1 linka nemusela by\u0165 omnoho v\u00e4\u010d\u0161ia. Obe linky s\u00fa identick\u00e9, pokia\u013e ide o predbe\u017en\u00fa \u00fapravu a n\u00e1tery KTL. Ke\u010f\u017ee nov\u00e1 linka m\u00e1 rovnak\u00e9 rozmery, m\u00f4\u017ee sa pou\u017e\u00edva\u0165 aj na n\u00e1tery KTL ve\u013ek\u00fdch dielov, ako s\u00fa napr\u00edklad kryty bat\u00e9ri\u00ed pre elektrick\u00e9 vozidl\u00e1 a \u010dasti bat\u00e9ri\u00ed. Jedin\u00fd rozdiel je v tom, \u017ee nov\u00e1 linka KTL je \u0161ir\u0161ia, a t\u00fdm p\u00e1dom dok\u00e1\u017ee spracova\u0165 e\u0161te \u0165a\u017e\u0161ie diely. T\u00fdka sa to nielen dopravn\u00edkov\u00e9ho syst\u00e9mu, ale aj vypa\u013eovac\u00edch pec\u00ed. Nov\u00e1 linka n\u00e1m takisto umo\u017e\u0148uje nanies\u0165 hrub\u0161\u00ed n\u00e1ter KTL. Be\u017en\u00e1 hr\u00fabka je 20 \u00b5m, ale s novou linkou KTL dosahujeme hr\u00fabku 35 \u00b5m a viac.<\/p>\n<p><strong><u>O v\u0161etky in\u017einierske pr\u00e1ce od A po Z sa postar\u00e1me sami! <\/u><\/strong><\/p>\n<p>Vyu\u017eili sme vlastn\u00e9 know-how, ale na niektor\u00e9 aspekty, ako napr. \u00fapravu vody, sme si pozvali extern\u00fdch odborn\u00edkov. \u201eV\u010faka na\u0161im vlastn\u00fdm odborn\u00fdm znalostiam v oblasti in\u017einierstva a automatiz\u00e1cie m\u00f4\u017eeme vytv\u00e1ra\u0165 komplexn\u00e9 zariadenia na povrchov\u00fa \u00fapravu. Samozrejme, to ist\u00e9 plat\u00ed aj pre projekty z\u00e1kazn\u00edkov, pri ktor\u00fdch navrhujeme proces na mieru pre ka\u017ed\u00e9ho z nich. Na\u0161i klienti sa tak nemusia o ni\u010d stara\u0165,\u201c dop\u013a\u0148a Dirk. V\u010faka n\u00e1\u0161mu syst\u00e9mu Power &amp; Free sme navy\u0161e mimoriadne flexibiln\u00ed. V\u00fdsledkom je, \u017ee reg\u00e1ly s farbami, v ktor\u00fdch s\u00fa zavesen\u00e9 diely, m\u00f4\u017eeme \u013eahko prepravova\u0165 dovn\u00fatra a von.<\/p>\n<p>Pomocou vlastn\u00e9ho in\u017einierstva dok\u00e1\u017ee spolo\u010dnos\u0165 Alro pohotovo reagova\u0165 na po\u017eiadavky trhu. \u010eal\u0161\u00edm vynikaj\u00facim pr\u00edkladom je na\u0161e patentovan\u00e9 <a href=\"\/sk\/procesy\/protipoziarne-lakovanie\/\">protipo\u017eiarne lakovanie<\/a>. Inovat\u00edvny syst\u00e9m povrchovej \u00fapravy zabezpe\u010duje oh\u0148ovzdornos\u0165 krytov bat\u00e9ri\u00ed a\u017e do teploty 1 800 \u00b0C po\u010das 30 min\u00fat.\u00a0T\u00e1to povrchov\u00e1 \u00faprava prekra\u010duje aktu\u00e1lne po\u017eiadavky GTR20 a v\u00fdrazne predl\u017euje \u010das, ktor\u00fd maj\u00fa cestuj\u00faci na bezpe\u010dn\u00e9 opustenie vozidla. \u201eSme pripraven\u00ed vyu\u017ei\u0165 ka\u017ed\u00fa pr\u00edle\u017eitos\u0165, ktor\u00fa dostaneme, a pon\u00faknu\u0165 v\u0161etk\u00fdm na\u0161im z\u00e1kazn\u00edkom dokonal\u00e9 rie\u0161enie,\u201c dod\u00e1va Dirk.[\/vc_column_text][vc_empty_space height=&#8220;30px&#8220;][vc_gallery type=&#8220;flexslider_slide&#8220; interval=&#8220;3&#8243; images=&#8220;4337,4341,4345,4349,4353,4357,4361,4365,4369&#8243; img_size=&#8220;full&#8220;][\/vc_column][\/vc_row]<\/p>\n","protected":false},"excerpt":{"rendered":"<p>E-mobilita je na vzostupe. V prvom \u0161tvr\u0165roku 2022 sa predali 2 mili\u00f3ny elektrick\u00fdch a hybridn\u00fdch vozidiel. Dopyt po KTL farb\u00e1ch na kryty bat\u00e9ri\u00ed a bat\u00e9riov\u00e9 diely pre elektromobily st\u00e1le rastie, preto sme postavili druh\u00fa KTL linku.<\/p>\n","protected":false},"author":7,"featured_media":4197,"comment_status":"closed","ping_status":"closed","sticky":false,"template":"","format":"standard","meta":{"inline_featured_image":false,"footnotes":""},"categories":[43],"tags":[],"class_list":["post-4207","post","type-post","status-publish","format-standard","has-post-thumbnail","hentry","category-nieuws-sk"],"acf":[],"yoast_head":"<!-- This site is optimized with the Yoast SEO plugin v19.10 - https:\/\/yoast.com\/wordpress\/plugins\/seo\/ -->\n<title>V\u00e4\u010d\u0161ia kapacita s novou linkou KTL Alro Group<\/title>\n<meta name=\"description\" content=\"Spolo\u010dnos\u0165 Alro podporuje rast predaja elektrick\u00fdch vozidiel \u00faplne novou linkou KTL v z\u00e1vode Asitec. Viac inform\u00e1ci\u00ed o v\u00e4\u010d\u0161ej kapacite n\u00e1jdete tu!\" \/>\n<meta name=\"robots\" content=\"index, follow, max-snippet:-1, max-image-preview:large, max-video-preview:-1\" \/>\n<link rel=\"canonical\" href=\"https:\/\/www.alro-group.com\/sk\/novinky\/dvojnasobna-kapacita-linke-ktl-2\/\" \/>\n<meta property=\"og:locale\" content=\"sk_SK\" \/>\n<meta property=\"og:type\" content=\"article\" \/>\n<meta property=\"og:title\" content=\"V\u00e4\u010d\u0161ia kapacita s novou linkou KTL Alro Group\" \/>\n<meta property=\"og:description\" content=\"Spolo\u010dnos\u0165 Alro podporuje rast predaja elektrick\u00fdch vozidiel \u00faplne novou linkou KTL v z\u00e1vode Asitec. Viac inform\u00e1ci\u00ed o v\u00e4\u010d\u0161ej kapacite n\u00e1jdete tu!\" \/>\n<meta property=\"og:url\" content=\"https:\/\/www.alro-group.com\/sk\/novinky\/dvojnasobna-kapacita-linke-ktl-2\/\" \/>\n<meta property=\"og:site_name\" content=\"Alro Group\" \/>\n<meta property=\"article:published_time\" content=\"2023-03-24T09:10:31+00:00\" \/>\n<meta property=\"article:modified_time\" content=\"2023-03-24T09:10:35+00:00\" \/>\n<meta property=\"og:image\" content=\"https:\/\/www.alro-group.com\/wp-content\/uploads\/2023\/01\/alro-foto-2.jpg\" \/>\n\t<meta property=\"og:image:width\" content=\"800\" \/>\n\t<meta property=\"og:image:height\" content=\"450\" \/>\n\t<meta property=\"og:image:type\" content=\"image\/jpeg\" \/>\n<meta name=\"author\" content=\"Laura\" \/>\n<meta name=\"twitter:card\" content=\"summary_large_image\" \/>\n<meta name=\"twitter:label1\" content=\"Autor\" \/>\n\t<meta name=\"twitter:data1\" content=\"Laura\" \/>\n\t<meta name=\"twitter:label2\" content=\"Predpokladan\u00fd \u010das \u010d\u00edtania\" \/>\n\t<meta name=\"twitter:data2\" content=\"4 min\u00faty\" \/>\n<script type=\"application\/ld+json\" class=\"yoast-schema-graph\">{\"@context\":\"https:\/\/schema.org\",\"@graph\":[{\"@type\":\"WebPage\",\"@id\":\"https:\/\/www.alro-group.com\/sk\/novinky\/dvojnasobna-kapacita-linke-ktl-2\/\",\"url\":\"https:\/\/www.alro-group.com\/sk\/novinky\/dvojnasobna-kapacita-linke-ktl-2\/\",\"name\":\"V\u00e4\u010d\u0161ia kapacita s novou linkou KTL Alro Group\",\"isPartOf\":{\"@id\":\"https:\/\/www.alro-group.com\/sk\/#website\"},\"datePublished\":\"2023-03-24T09:10:31+00:00\",\"dateModified\":\"2023-03-24T09:10:35+00:00\",\"author\":{\"@id\":\"https:\/\/www.alro-group.com\/sk\/#\/schema\/person\/cbb1c654bbe6624777ec5a7e80595ba0\"},\"description\":\"Spolo\u010dnos\u0165 Alro podporuje rast predaja elektrick\u00fdch vozidiel \u00faplne novou linkou KTL v z\u00e1vode Asitec. Viac inform\u00e1ci\u00ed o v\u00e4\u010d\u0161ej kapacite n\u00e1jdete tu!\",\"breadcrumb\":{\"@id\":\"https:\/\/www.alro-group.com\/sk\/novinky\/dvojnasobna-kapacita-linke-ktl-2\/#breadcrumb\"},\"inLanguage\":\"sk-SK\",\"potentialAction\":[{\"@type\":\"ReadAction\",\"target\":[\"https:\/\/www.alro-group.com\/sk\/novinky\/dvojnasobna-kapacita-linke-ktl-2\/\"]}]},{\"@type\":\"BreadcrumbList\",\"@id\":\"https:\/\/www.alro-group.com\/sk\/novinky\/dvojnasobna-kapacita-linke-ktl-2\/#breadcrumb\",\"itemListElement\":[{\"@type\":\"ListItem\",\"position\":1,\"name\":\"Home\",\"item\":\"https:\/\/www.alro-group.com\/sk\/\"},{\"@type\":\"ListItem\",\"position\":2,\"name\":\"Dvojn\u00e1sobn\u00e1 kapacita v\u010faka novej linke KTL v z\u00e1vode Asitec\"}]},{\"@type\":\"WebSite\",\"@id\":\"https:\/\/www.alro-group.com\/sk\/#website\",\"url\":\"https:\/\/www.alro-group.com\/sk\/\",\"name\":\"Alro Group\",\"description\":\"In ontwikkeling\",\"potentialAction\":[{\"@type\":\"SearchAction\",\"target\":{\"@type\":\"EntryPoint\",\"urlTemplate\":\"https:\/\/www.alro-group.com\/sk\/?s={search_term_string}\"},\"query-input\":\"required name=search_term_string\"}],\"inLanguage\":\"sk-SK\"},{\"@type\":\"Person\",\"@id\":\"https:\/\/www.alro-group.com\/sk\/#\/schema\/person\/cbb1c654bbe6624777ec5a7e80595ba0\",\"name\":\"Laura\",\"image\":{\"@type\":\"ImageObject\",\"inLanguage\":\"sk-SK\",\"@id\":\"https:\/\/www.alro-group.com\/sk\/#\/schema\/person\/image\/\",\"url\":\"https:\/\/secure.gravatar.com\/avatar\/fa387cdd243b89580ec05a7bfe6872e95954692575af2fa20bce52b02b40c7bc?s=96&d=mm&r=g\",\"contentUrl\":\"https:\/\/secure.gravatar.com\/avatar\/fa387cdd243b89580ec05a7bfe6872e95954692575af2fa20bce52b02b40c7bc?s=96&d=mm&r=g\",\"caption\":\"Laura\"},\"url\":\"https:\/\/www.alro-group.com\/sk\/author\/laura\/\"}]}<\/script>\n<!-- \/ Yoast SEO plugin. -->","yoast_head_json":{"title":"V\u00e4\u010d\u0161ia kapacita s novou linkou KTL Alro Group","description":"Spolo\u010dnos\u0165 Alro podporuje rast predaja elektrick\u00fdch vozidiel \u00faplne novou linkou KTL v z\u00e1vode Asitec. Viac inform\u00e1ci\u00ed o v\u00e4\u010d\u0161ej kapacite n\u00e1jdete tu!","robots":{"index":"index","follow":"follow","max-snippet":"max-snippet:-1","max-image-preview":"max-image-preview:large","max-video-preview":"max-video-preview:-1"},"canonical":"https:\/\/www.alro-group.com\/sk\/novinky\/dvojnasobna-kapacita-linke-ktl-2\/","og_locale":"sk_SK","og_type":"article","og_title":"V\u00e4\u010d\u0161ia kapacita s novou linkou KTL Alro Group","og_description":"Spolo\u010dnos\u0165 Alro podporuje rast predaja elektrick\u00fdch vozidiel \u00faplne novou linkou KTL v z\u00e1vode Asitec. Viac inform\u00e1ci\u00ed o v\u00e4\u010d\u0161ej kapacite n\u00e1jdete tu!","og_url":"https:\/\/www.alro-group.com\/sk\/novinky\/dvojnasobna-kapacita-linke-ktl-2\/","og_site_name":"Alro Group","article_published_time":"2023-03-24T09:10:31+00:00","article_modified_time":"2023-03-24T09:10:35+00:00","og_image":[{"width":800,"height":450,"url":"https:\/\/www.alro-group.com\/wp-content\/uploads\/2023\/01\/alro-foto-2.jpg","type":"image\/jpeg"}],"author":"Laura","twitter_card":"summary_large_image","twitter_misc":{"Autor":"Laura","Predpokladan\u00fd \u010das \u010d\u00edtania":"4 min\u00faty"},"schema":{"@context":"https:\/\/schema.org","@graph":[{"@type":"WebPage","@id":"https:\/\/www.alro-group.com\/sk\/novinky\/dvojnasobna-kapacita-linke-ktl-2\/","url":"https:\/\/www.alro-group.com\/sk\/novinky\/dvojnasobna-kapacita-linke-ktl-2\/","name":"V\u00e4\u010d\u0161ia kapacita s novou linkou KTL Alro Group","isPartOf":{"@id":"https:\/\/www.alro-group.com\/sk\/#website"},"datePublished":"2023-03-24T09:10:31+00:00","dateModified":"2023-03-24T09:10:35+00:00","author":{"@id":"https:\/\/www.alro-group.com\/sk\/#\/schema\/person\/cbb1c654bbe6624777ec5a7e80595ba0"},"description":"Spolo\u010dnos\u0165 Alro podporuje rast predaja elektrick\u00fdch vozidiel \u00faplne novou linkou KTL v z\u00e1vode Asitec. Viac inform\u00e1ci\u00ed o v\u00e4\u010d\u0161ej kapacite n\u00e1jdete tu!","breadcrumb":{"@id":"https:\/\/www.alro-group.com\/sk\/novinky\/dvojnasobna-kapacita-linke-ktl-2\/#breadcrumb"},"inLanguage":"sk-SK","potentialAction":[{"@type":"ReadAction","target":["https:\/\/www.alro-group.com\/sk\/novinky\/dvojnasobna-kapacita-linke-ktl-2\/"]}]},{"@type":"BreadcrumbList","@id":"https:\/\/www.alro-group.com\/sk\/novinky\/dvojnasobna-kapacita-linke-ktl-2\/#breadcrumb","itemListElement":[{"@type":"ListItem","position":1,"name":"Home","item":"https:\/\/www.alro-group.com\/sk\/"},{"@type":"ListItem","position":2,"name":"Dvojn\u00e1sobn\u00e1 kapacita v\u010faka novej linke KTL v z\u00e1vode Asitec"}]},{"@type":"WebSite","@id":"https:\/\/www.alro-group.com\/sk\/#website","url":"https:\/\/www.alro-group.com\/sk\/","name":"Alro Group","description":"In ontwikkeling","potentialAction":[{"@type":"SearchAction","target":{"@type":"EntryPoint","urlTemplate":"https:\/\/www.alro-group.com\/sk\/?s={search_term_string}"},"query-input":"required name=search_term_string"}],"inLanguage":"sk-SK"},{"@type":"Person","@id":"https:\/\/www.alro-group.com\/sk\/#\/schema\/person\/cbb1c654bbe6624777ec5a7e80595ba0","name":"Laura","image":{"@type":"ImageObject","inLanguage":"sk-SK","@id":"https:\/\/www.alro-group.com\/sk\/#\/schema\/person\/image\/","url":"https:\/\/secure.gravatar.com\/avatar\/fa387cdd243b89580ec05a7bfe6872e95954692575af2fa20bce52b02b40c7bc?s=96&d=mm&r=g","contentUrl":"https:\/\/secure.gravatar.com\/avatar\/fa387cdd243b89580ec05a7bfe6872e95954692575af2fa20bce52b02b40c7bc?s=96&d=mm&r=g","caption":"Laura"},"url":"https:\/\/www.alro-group.com\/sk\/author\/laura\/"}]}},"_links":{"self":[{"href":"https:\/\/www.alro-group.com\/sk\/wp-json\/wp\/v2\/posts\/4207","targetHints":{"allow":["GET"]}}],"collection":[{"href":"https:\/\/www.alro-group.com\/sk\/wp-json\/wp\/v2\/posts"}],"about":[{"href":"https:\/\/www.alro-group.com\/sk\/wp-json\/wp\/v2\/types\/post"}],"author":[{"embeddable":true,"href":"https:\/\/www.alro-group.com\/sk\/wp-json\/wp\/v2\/users\/7"}],"replies":[{"embeddable":true,"href":"https:\/\/www.alro-group.com\/sk\/wp-json\/wp\/v2\/comments?post=4207"}],"version-history":[{"count":4,"href":"https:\/\/www.alro-group.com\/sk\/wp-json\/wp\/v2\/posts\/4207\/revisions"}],"predecessor-version":[{"id":4374,"href":"https:\/\/www.alro-group.com\/sk\/wp-json\/wp\/v2\/posts\/4207\/revisions\/4374"}],"wp:featuredmedia":[{"embeddable":true,"href":"https:\/\/www.alro-group.com\/sk\/wp-json\/wp\/v2\/media\/4197"}],"wp:attachment":[{"href":"https:\/\/www.alro-group.com\/sk\/wp-json\/wp\/v2\/media?parent=4207"}],"wp:term":[{"taxonomy":"category","embeddable":true,"href":"https:\/\/www.alro-group.com\/sk\/wp-json\/wp\/v2\/categories?post=4207"},{"taxonomy":"post_tag","embeddable":true,"href":"https:\/\/www.alro-group.com\/sk\/wp-json\/wp\/v2\/tags?post=4207"}],"curies":[{"name":"wp","href":"https:\/\/api.w.org\/{rel}","templated":true}]}}